{"id":14506,"date":"2019-09-03T16:24:00","date_gmt":"2019-09-03T16:24:00","guid":{"rendered":"https:\/\/dev-fcc.teoria.agency\/?p=14506"},"modified":"2024-01-18T21:43:41","modified_gmt":"2024-01-18T21:43:41","slug":"church-of-lagares-designboom","status":"publish","type":"post","link":"https:\/\/fc-arquitectura.com\/pt\/2019\/09\/03\/church-of-lagares-designboom\/","title":{"rendered":"Igreja de Lagares | DesignBoom\u00a0"},"content":{"rendered":"<div data-elementor-type=\"wp-post\" data-elementor-id=\"14506\" class=\"elementor elementor-14506\" data-elementor-post-type=\"post\">\n\t\t\t\t\t\t<section class=\"elementor-section elementor-top-section elementor-element elementor-element-794f438 elementor-section-full_width elementor-section-height-default elementor-section-height-default qodef-elementor-content-no\" data-id=\"794f438\" data-element_type=\"section\">\n\t\t\t\t\t\t<div class=\"elementor-container elementor-column-gap-default\">\n\t\t\t\t\t<div class=\"elementor-column elementor-col-100 elementor-top-column elementor-element elementor-element-c189fea\" data-id=\"c189fea\" data-element_type=\"column\">\n\t\t\t<div class=\"elementor-widget-wrap elementor-element-populated\">\n\t\t\t\t\t\t<div class=\"elementor-element elementor-element-6cdb71d textonoticia elementor-widget elementor-widget-text-editor\" data-id=\"6cdb71d\" data-element_type=\"widget\" data-widget_type=\"text-editor.default\">\n\t\t\t\t<div class=\"elementor-widget-container\">\n\t\t\t\t\t\t\t<p>A Igreja de Lagares, em Felgueiras, foi not\u00edcia na DesignBoom. \u00c9 um orgulho para a equipa FCC Arquitectura ver novamente um projeto da sua autoria a ser not\u00edcia numa revista internacional.\u00a0\u00a0<\/p><p>Veja a not\u00edcia completa na DesignBoom <a href=\"https:\/\/www.designboom.com\/architecture\/fcc-arquitectura-lagares-church-portugal-08-13-2019\/\" target=\"_blank\" rel=\"noopener\"><strong>aqui<\/strong><\/a>.<\/p><p>Veja a galeria completa deste projeto <a href=\"https:\/\/fc-arquitectura.com\/pt\/portfolio-item\/igreja-de-lagares-felgueiras\/\"><strong>aqui<\/strong><\/a>.<\/p>\t\t\t\t\t\t<\/div>\n\t\t\t\t<\/div>\n\t\t\t\t\t<\/div>\n\t\t<\/div>\n\t\t\t\t\t<\/div>\n\t\t<\/section>\n\t\t\t\t<\/div>","protected":false},"excerpt":{"rendered":"<p>The Church of Lagares in Felgueiras was featured on DesignBoom. It is a source of pride for the FCC Arquitectura team to see one of their projects in the news again in an international magazine.\u00a0 Read the full article on DesignBoom here. Explore the complete gallery of this project here.<\/p>","protected":false},"author":1,"featured_media":17417,"comment_status":"closed","ping_status":"closed","sticky":false,"template":"","format":"standard","meta":{"footnotes":""},"categories":[2],"tags":[],"class_list":["post-14506","post","type-post","status-publish","format-standard","has-post-thumbnail","hentry","category-architecture"],"yoast_head":"<!-- This site is optimized with the Yoast SEO plugin v24.2 - https:\/\/yoast.com\/wordpress\/plugins\/seo\/ -->\n<title>Church of Lagares | DesignBoom - FCC Arquitectura<\/title>\n<meta name=\"robots\" content=\"index, follow, max-snippet:-1, max-image-preview:large, max-video-preview:-1\" \/>\n<link rel=\"canonical\" href=\"https:\/\/fc-arquitectura.com\/pt\/2019\/09\/03\/church-of-lagares-designboom\/\" \/>\n<meta property=\"og:locale\" content=\"pt_PT\" \/>\n<meta property=\"og:type\" content=\"article\" \/>\n<meta property=\"og:title\" content=\"Church of Lagares | DesignBoom - FCC Arquitectura\" \/>\n<meta property=\"og:description\" content=\"The Church of Lagares in Felgueiras was featured on DesignBoom. It is a source of pride for the FCC Arquitectura team to see one of their projects in the news again in an international magazine.\u00a0 Read the full article on DesignBoom here. Explore the complete gallery of this project here.\" \/>\n<meta property=\"og:url\" content=\"https:\/\/fc-arquitectura.com\/pt\/2019\/09\/03\/church-of-lagares-designboom\/\" \/>\n<meta property=\"og:site_name\" content=\"FCC Arquitectura\" \/>\n<meta property=\"article:published_time\" content=\"2019-09-03T16:24:00+00:00\" \/>\n<meta property=\"article:modified_time\" content=\"2024-01-18T21:43:41+00:00\" \/>\n<meta property=\"og:image\" content=\"https:\/\/fc-arquitectura.com\/wp-content\/uploads\/2019\/09\/lagares_designboom.jpg\" \/>\n\t<meta property=\"og:image:width\" content=\"600\" \/>\n\t<meta property=\"og:image:height\" content=\"735\" \/>\n\t<meta property=\"og:image:type\" content=\"image\/jpeg\" \/>\n<meta name=\"author\" content=\"fcc_adm\" \/>\n<meta name=\"twitter:card\" content=\"summary_large_image\" \/>\n<meta name=\"twitter:label1\" content=\"Escrito por\" \/>\n\t<meta name=\"twitter:data1\" content=\"fcc_adm\" \/>\n<script type=\"application\/ld+json\" class=\"yoast-schema-graph\">{\"@context\":\"https:\/\/schema.org\",\"@graph\":[{\"@type\":\"Article\",\"@id\":\"https:\/\/fc-arquitectura.com\/2019\/09\/03\/church-of-lagares-designboom\/#article\",\"isPartOf\":{\"@id\":\"https:\/\/fc-arquitectura.com\/2019\/09\/03\/church-of-lagares-designboom\/\"},\"author\":{\"name\":\"fcc_adm\",\"@id\":\"https:\/\/fc-arquitectura.com\/#\/schema\/person\/154606796cad8af590e5010916c98cd8\"},\"headline\":\"Church of Lagares | DesignBoom\",\"datePublished\":\"2019-09-03T16:24:00+00:00\",\"dateModified\":\"2024-01-18T21:43:41+00:00\",\"mainEntityOfPage\":{\"@id\":\"https:\/\/fc-arquitectura.com\/2019\/09\/03\/church-of-lagares-designboom\/\"},\"wordCount\":54,\"publisher\":{\"@id\":\"https:\/\/fc-arquitectura.com\/#organization\"},\"image\":{\"@id\":\"https:\/\/fc-arquitectura.com\/2019\/09\/03\/church-of-lagares-designboom\/#primaryimage\"},\"thumbnailUrl\":\"https:\/\/fc-arquitectura.com\/wp-content\/uploads\/2019\/09\/lagares_designboom.jpg\",\"articleSection\":[\"Architecture\"],\"inLanguage\":\"pt-PT\"},{\"@type\":\"WebPage\",\"@id\":\"https:\/\/fc-arquitectura.com\/2019\/09\/03\/church-of-lagares-designboom\/\",\"url\":\"https:\/\/fc-arquitectura.com\/2019\/09\/03\/church-of-lagares-designboom\/\",\"name\":\"Church of Lagares | DesignBoom - FCC Arquitectura\",\"isPartOf\":{\"@id\":\"https:\/\/fc-arquitectura.com\/#website\"},\"primaryImageOfPage\":{\"@id\":\"https:\/\/fc-arquitectura.com\/2019\/09\/03\/church-of-lagares-designboom\/#primaryimage\"},\"image\":{\"@id\":\"https:\/\/fc-arquitectura.com\/2019\/09\/03\/church-of-lagares-designboom\/#primaryimage\"},\"thumbnailUrl\":\"https:\/\/fc-arquitectura.com\/wp-content\/uploads\/2019\/09\/lagares_designboom.jpg\",\"datePublished\":\"2019-09-03T16:24:00+00:00\",\"dateModified\":\"2024-01-18T21:43:41+00:00\",\"breadcrumb\":{\"@id\":\"https:\/\/fc-arquitectura.com\/2019\/09\/03\/church-of-lagares-designboom\/#breadcrumb\"},\"inLanguage\":\"pt-PT\",\"potentialAction\":[{\"@type\":\"ReadAction\",\"target\":[\"https:\/\/fc-arquitectura.com\/2019\/09\/03\/church-of-lagares-designboom\/\"]}]},{\"@type\":\"ImageObject\",\"inLanguage\":\"pt-PT\",\"@id\":\"https:\/\/fc-arquitectura.com\/2019\/09\/03\/church-of-lagares-designboom\/#primaryimage\",\"url\":\"https:\/\/fc-arquitectura.com\/wp-content\/uploads\/2019\/09\/lagares_designboom.jpg\",\"contentUrl\":\"https:\/\/fc-arquitectura.com\/wp-content\/uploads\/2019\/09\/lagares_designboom.jpg\",\"width\":600,\"height\":735},{\"@type\":\"BreadcrumbList\",\"@id\":\"https:\/\/fc-arquitectura.com\/2019\/09\/03\/church-of-lagares-designboom\/#breadcrumb\",\"itemListElement\":[{\"@type\":\"ListItem\",\"position\":1,\"name\":\"In\u00edcio\",\"item\":\"https:\/\/fc-arquitectura.com\/\"},{\"@type\":\"ListItem\",\"position\":2,\"name\":\"Church of Lagares | DesignBoom\"}]},{\"@type\":\"WebSite\",\"@id\":\"https:\/\/fc-arquitectura.com\/#website\",\"url\":\"https:\/\/fc-arquitectura.com\/\",\"name\":\"FCC Arquitectura\",\"description\":\"Arquitetura\",\"publisher\":{\"@id\":\"https:\/\/fc-arquitectura.com\/#organization\"},\"alternateName\":\"FCC Arquitectura\",\"potentialAction\":[{\"@type\":\"SearchAction\",\"target\":{\"@type\":\"EntryPoint\",\"urlTemplate\":\"https:\/\/fc-arquitectura.com\/?s={search_term_string}\"},\"query-input\":{\"@type\":\"PropertyValueSpecification\",\"valueRequired\":true,\"valueName\":\"search_term_string\"}}],\"inLanguage\":\"pt-PT\"},{\"@type\":\"Organization\",\"@id\":\"https:\/\/fc-arquitectura.com\/#organization\",\"name\":\"FCC Arquitectura\",\"alternateName\":\"FCC Arquitectura\",\"url\":\"https:\/\/fc-arquitectura.com\/\",\"logo\":{\"@type\":\"ImageObject\",\"inLanguage\":\"pt-PT\",\"@id\":\"https:\/\/fc-arquitectura.com\/#\/schema\/logo\/image\/\",\"url\":\"https:\/\/fc-arquitectura.com\/wp-content\/uploads\/2023\/12\/fcc_fav.png\",\"contentUrl\":\"https:\/\/fc-arquitectura.com\/wp-content\/uploads\/2023\/12\/fcc_fav.png\",\"width\":512,\"height\":512,\"caption\":\"FCC Arquitectura\"},\"image\":{\"@id\":\"https:\/\/fc-arquitectura.com\/#\/schema\/logo\/image\/\"}},{\"@type\":\"Person\",\"@id\":\"https:\/\/fc-arquitectura.com\/#\/schema\/person\/154606796cad8af590e5010916c98cd8\",\"name\":\"fcc_adm\",\"image\":{\"@type\":\"ImageObject\",\"inLanguage\":\"pt-PT\",\"@id\":\"https:\/\/fc-arquitectura.com\/#\/schema\/person\/image\/\",\"url\":\"https:\/\/secure.gravatar.com\/avatar\/846e8d048ed9c29fada4b80181dd18b21a9cf5b6f63ba095d95c2530a11fc3db?s=96&d=mm&r=g\",\"contentUrl\":\"https:\/\/secure.gravatar.com\/avatar\/846e8d048ed9c29fada4b80181dd18b21a9cf5b6f63ba095d95c2530a11fc3db?s=96&d=mm&r=g\",\"caption\":\"fcc_adm\"},\"sameAs\":[\"https:\/\/fc-arquitectura.com\"],\"url\":\"https:\/\/fc-arquitectura.com\/pt\/author\/fcc_adm\/\"}]}<\/script>\n<!-- \/ Yoast SEO plugin. -->","yoast_head_json":{"title":"Church of Lagares | DesignBoom - FCC Arquitectura","robots":{"index":"index","follow":"follow","max-snippet":"max-snippet:-1","max-image-preview":"max-image-preview:large","max-video-preview":"max-video-preview:-1"},"canonical":"https:\/\/fc-arquitectura.com\/pt\/2019\/09\/03\/church-of-lagares-designboom\/","og_locale":"pt_PT","og_type":"article","og_title":"Church of Lagares | DesignBoom - FCC Arquitectura","og_description":"The Church of Lagares in Felgueiras was featured on DesignBoom. It is a source of pride for the FCC Arquitectura team to see one of their projects in the news again in an international magazine.\u00a0 Read the full article on DesignBoom here. Explore the complete gallery of this project here.","og_url":"https:\/\/fc-arquitectura.com\/pt\/2019\/09\/03\/church-of-lagares-designboom\/","og_site_name":"FCC Arquitectura","article_published_time":"2019-09-03T16:24:00+00:00","article_modified_time":"2024-01-18T21:43:41+00:00","og_image":[{"width":600,"height":735,"url":"https:\/\/fc-arquitectura.com\/wp-content\/uploads\/2019\/09\/lagares_designboom.jpg","type":"image\/jpeg"}],"author":"fcc_adm","twitter_card":"summary_large_image","twitter_misc":{"Escrito por":"fcc_adm"},"schema":{"@context":"https:\/\/schema.org","@graph":[{"@type":"Article","@id":"https:\/\/fc-arquitectura.com\/2019\/09\/03\/church-of-lagares-designboom\/#article","isPartOf":{"@id":"https:\/\/fc-arquitectura.com\/2019\/09\/03\/church-of-lagares-designboom\/"},"author":{"name":"fcc_adm","@id":"https:\/\/fc-arquitectura.com\/#\/schema\/person\/154606796cad8af590e5010916c98cd8"},"headline":"Church of Lagares | DesignBoom","datePublished":"2019-09-03T16:24:00+00:00","dateModified":"2024-01-18T21:43:41+00:00","mainEntityOfPage":{"@id":"https:\/\/fc-arquitectura.com\/2019\/09\/03\/church-of-lagares-designboom\/"},"wordCount":54,"publisher":{"@id":"https:\/\/fc-arquitectura.com\/#organization"},"image":{"@id":"https:\/\/fc-arquitectura.com\/2019\/09\/03\/church-of-lagares-designboom\/#primaryimage"},"thumbnailUrl":"https:\/\/fc-arquitectura.com\/wp-content\/uploads\/2019\/09\/lagares_designboom.jpg","articleSection":["Architecture"],"inLanguage":"pt-PT"},{"@type":"WebPage","@id":"https:\/\/fc-arquitectura.com\/2019\/09\/03\/church-of-lagares-designboom\/","url":"https:\/\/fc-arquitectura.com\/2019\/09\/03\/church-of-lagares-designboom\/","name":"Church of Lagares | DesignBoom - FCC Arquitectura","isPartOf":{"@id":"https:\/\/fc-arquitectura.com\/#website"},"primaryImageOfPage":{"@id":"https:\/\/fc-arquitectura.com\/2019\/09\/03\/church-of-lagares-designboom\/#primaryimage"},"image":{"@id":"https:\/\/fc-arquitectura.com\/2019\/09\/03\/church-of-lagares-designboom\/#primaryimage"},"thumbnailUrl":"https:\/\/fc-arquitectura.com\/wp-content\/uploads\/2019\/09\/lagares_designboom.jpg","datePublished":"2019-09-03T16:24:00+00:00","dateModified":"2024-01-18T21:43:41+00:00","breadcrumb":{"@id":"https:\/\/fc-arquitectura.com\/2019\/09\/03\/church-of-lagares-designboom\/#breadcrumb"},"inLanguage":"pt-PT","potentialAction":[{"@type":"ReadAction","target":["https:\/\/fc-arquitectura.com\/2019\/09\/03\/church-of-lagares-designboom\/"]}]},{"@type":"ImageObject","inLanguage":"pt-PT","@id":"https:\/\/fc-arquitectura.com\/2019\/09\/03\/church-of-lagares-designboom\/#primaryimage","url":"https:\/\/fc-arquitectura.com\/wp-content\/uploads\/2019\/09\/lagares_designboom.jpg","contentUrl":"https:\/\/fc-arquitectura.com\/wp-content\/uploads\/2019\/09\/lagares_designboom.jpg","width":600,"height":735},{"@type":"BreadcrumbList","@id":"https:\/\/fc-arquitectura.com\/2019\/09\/03\/church-of-lagares-designboom\/#breadcrumb","itemListElement":[{"@type":"ListItem","position":1,"name":"In\u00edcio","item":"https:\/\/fc-arquitectura.com\/"},{"@type":"ListItem","position":2,"name":"Church of Lagares | DesignBoom"}]},{"@type":"WebSite","@id":"https:\/\/fc-arquitectura.com\/#website","url":"https:\/\/fc-arquitectura.com\/","name":"FCC Arquitectura","description":"Arquitetura","publisher":{"@id":"https:\/\/fc-arquitectura.com\/#organization"},"alternateName":"FCC Arquitectura","potentialAction":[{"@type":"SearchAction","target":{"@type":"EntryPoint","urlTemplate":"https:\/\/fc-arquitectura.com\/?s={search_term_string}"},"query-input":{"@type":"PropertyValueSpecification","valueRequired":true,"valueName":"search_term_string"}}],"inLanguage":"pt-PT"},{"@type":"Organization","@id":"https:\/\/fc-arquitectura.com\/#organization","name":"FCC Arquitectura","alternateName":"FCC Arquitectura","url":"https:\/\/fc-arquitectura.com\/","logo":{"@type":"ImageObject","inLanguage":"pt-PT","@id":"https:\/\/fc-arquitectura.com\/#\/schema\/logo\/image\/","url":"https:\/\/fc-arquitectura.com\/wp-content\/uploads\/2023\/12\/fcc_fav.png","contentUrl":"https:\/\/fc-arquitectura.com\/wp-content\/uploads\/2023\/12\/fcc_fav.png","width":512,"height":512,"caption":"FCC Arquitectura"},"image":{"@id":"https:\/\/fc-arquitectura.com\/#\/schema\/logo\/image\/"}},{"@type":"Person","@id":"https:\/\/fc-arquitectura.com\/#\/schema\/person\/154606796cad8af590e5010916c98cd8","name":"fcc_adm","image":{"@type":"ImageObject","inLanguage":"pt-PT","@id":"https:\/\/fc-arquitectura.com\/#\/schema\/person\/image\/","url":"https:\/\/secure.gravatar.com\/avatar\/846e8d048ed9c29fada4b80181dd18b21a9cf5b6f63ba095d95c2530a11fc3db?s=96&d=mm&r=g","contentUrl":"https:\/\/secure.gravatar.com\/avatar\/846e8d048ed9c29fada4b80181dd18b21a9cf5b6f63ba095d95c2530a11fc3db?s=96&d=mm&r=g","caption":"fcc_adm"},"sameAs":["https:\/\/fc-arquitectura.com"],"url":"https:\/\/fc-arquitectura.com\/pt\/author\/fcc_adm\/"}]}},"_links":{"self":[{"href":"https:\/\/fc-arquitectura.com\/pt\/wp-json\/wp\/v2\/posts\/14506","targetHints":{"allow":["GET"]}}],"collection":[{"href":"https:\/\/fc-arquitectura.com\/pt\/wp-json\/wp\/v2\/posts"}],"about":[{"href":"https:\/\/fc-arquitectura.com\/pt\/wp-json\/wp\/v2\/types\/post"}],"author":[{"embeddable":true,"href":"https:\/\/fc-arquitectura.com\/pt\/wp-json\/wp\/v2\/users\/1"}],"replies":[{"embeddable":true,"href":"https:\/\/fc-arquitectura.com\/pt\/wp-json\/wp\/v2\/comments?post=14506"}],"version-history":[{"count":0,"href":"https:\/\/fc-arquitectura.com\/pt\/wp-json\/wp\/v2\/posts\/14506\/revisions"}],"wp:featuredmedia":[{"embeddable":true,"href":"https:\/\/fc-arquitectura.com\/pt\/wp-json\/wp\/v2\/media\/17417"}],"wp:attachment":[{"href":"https:\/\/fc-arquitectura.com\/pt\/wp-json\/wp\/v2\/media?parent=14506"}],"wp:term":[{"taxonomy":"category","embeddable":true,"href":"https:\/\/fc-arquitectura.com\/pt\/wp-json\/wp\/v2\/categories?post=14506"},{"taxonomy":"post_tag","embeddable":true,"href":"https:\/\/fc-arquitectura.com\/pt\/wp-json\/wp\/v2\/tags?post=14506"}],"curies":[{"name":"wp","href":"https:\/\/api.w.org\/{rel}","templated":true}]}}